{"id":1680,"date":"2021-10-26T15:51:10","date_gmt":"2021-10-26T18:51:10","guid":{"rendered":"http:\/\/www.institutoliberdadedigital.com.br\/site\/?p=1680"},"modified":"2021-10-26T15:52:12","modified_gmt":"2021-10-26T18:52:12","slug":"newsletter-edicao-26-10-2021","status":"publish","type":"post","link":"http:\/\/www.institutoliberdadedigital.com.br\/site\/2021\/10\/newsletter-edicao-26-10-2021\/","title":{"rendered":"Newsletter &#8211; Edi\u00e7\u00e3o 26.10.2021"},"content":{"rendered":"\n<figure class=\"wp-block-image size-large is-resized\"><img src=\"http:\/\/www.institutoliberdadedigital.com.br\/site\/wp-content\/uploads\/2021\/10\/BANNER-SITE-DESK-3-1-1024x390.png\" alt=\"\" class=\"wp-image-1682\" width=\"1236\" height=\"470\" srcset=\"http:\/\/www.institutoliberdadedigital.com.br\/site\/wp-content\/uploads\/2021\/10\/BANNER-SITE-DESK-3-1-1024x390.png 1024w, http:\/\/www.institutoliberdadedigital.com.br\/site\/wp-content\/uploads\/2021\/10\/BANNER-SITE-DESK-3-1-600x229.png 600w, http:\/\/www.institutoliberdadedigital.com.br\/site\/wp-content\/uploads\/2021\/10\/BANNER-SITE-DESK-3-1-768x293.png 768w, http:\/\/www.institutoliberdadedigital.com.br\/site\/wp-content\/uploads\/2021\/10\/BANNER-SITE-DESK-3-1-1320x503.png 1320w, http:\/\/www.institutoliberdadedigital.com.br\/site\/wp-content\/uploads\/2021\/10\/BANNER-SITE-DESK-3-1.png 1443w\" sizes=\"(max-width: 1236px) 100vw, 1236px\" \/><\/figure>\n\n\n\n<figure class=\"wp-block-image size-large\"><img width=\"810\" height=\"100\" src=\"http:\/\/www.institutoliberdadedigital.com.br\/site\/wp-content\/uploads\/2021\/09\/2.png\" alt=\"O atributo alt desta imagem est\u00e1 vazio. O nome do arquivo \u00e9 2.png\" class=\"wp-image-1596\" srcset=\"http:\/\/www.institutoliberdadedigital.com.br\/site\/wp-content\/uploads\/2021\/09\/2.png 810w, http:\/\/www.institutoliberdadedigital.com.br\/site\/wp-content\/uploads\/2021\/09\/2-600x74.png 600w, http:\/\/www.institutoliberdadedigital.com.br\/site\/wp-content\/uploads\/2021\/09\/2-768x95.png 768w\" sizes=\"(max-width: 810px) 100vw, 810px\" \/><\/figure>\n\n\n\n<h4 class=\"has-very-dark-gray-color has-text-color\"><strong><strong><strong><strong><strong><strong><strong><strong><strong>Nobel da Paz premia defensores da liberdade de express\u00e3o<\/strong><\/strong><\/strong><\/strong><\/strong><\/strong><\/strong><\/strong><\/strong><\/h4>\n\n\n\n<p>O pr\u00eamio Nobel da Paz de 2021 j\u00e1 teve seus vencedores anunciados: Maria Ressa e Dmitry Muratov, <a href=\"https:\/\/g1.globo.com\/mundo\/noticia\/2021\/10\/08\/nobel-da-paz-2021-vai-para-maria-ressa-e-dmitry-muratov.ghtml\">reconhecidos pela defesa da liberdade de express\u00e3o como pr\u00e9-condi\u00e7\u00e3o para a democracia e uma paz duradoura<\/a>. Ressa possui uma empresa de m\u00eddia digital de jornalismo investigativo nas Filipinas, denunciando casos de viol\u00eancia e abuso de poder em seu pa\u00eds e mostrando o uso das redes sociais na promo\u00e7\u00e3o de desinforma\u00e7\u00e3o. Ap\u00f3s o an\u00fancio da premia\u00e7\u00e3o, em entrevista \u00e0 Reuters, a jornalista apontou a falha do Facebook em combater not\u00edcias falsas e propaga\u00e7\u00e3o de \u00f3dio na internet, <a href=\"https:\/\/g1.globo.com\/tecnologia\/noticia\/2021\/10\/09\/vencedora-do-nobel-da-paz-diz-que-facebook-falha-em-combater-noticias-falsas.ghtml\">afirmando que os algoritmos priorizariam a dissemina\u00e7\u00e3o de mentiras misturadas \u00e0 raiva e ao \u00f3dio aos fatos<\/a>. J\u00e1 Muratov \u00e9 fundador de um jornal independente russo que j\u00e1 teve seis jornalistas mortos desde a sua funda\u00e7\u00e3o em 1993.<\/p>\n\n\n\n<p>Para melhor ilustrar a import\u00e2ncia do trabalho de Ressa e Muratov, <a href=\"https:\/\/g1.globo.com\/mundo\/noticia\/2021\/10\/08\/mais-de-100-jornalistas-mortos-em-30-anos-conheca-os-riscos-a-imprensa-na-russia-e-nas-filipinas-de-onde-vem-os-ganhadores-do-nobel-da-paz.ghtml\">o G1 divulgou reportagem relatando a morte em decorr\u00eancia da profiss\u00e3o de mais de 100 jornalistas em 30 anos<\/a> na imprensa filipina e russa, respectivos pa\u00edses dos vencedores do pr\u00eamio. Al\u00e9m do alto n\u00famero de mortes, a reportagem tamb\u00e9m ressalta a alta impunidade para os crimes contra jornalistas que variam entre pris\u00e3o, envenenamento e morte.<\/p>\n\n\n\n<hr class=\"wp-block-separator\"\/>\n\n\n\n<h4 class=\"has-very-dark-gray-color has-text-color has-text-align-right\"><strong><strong><strong><strong><strong><strong><strong>STF determina bloqueio de contas de Allan dos Santos<\/strong><\/strong><\/strong><\/strong><\/strong><\/strong><\/strong><\/h4>\n\n\n\n<p>O Ministro do Supremo Tribunal Federal (STF), Alexandre de Moraes, ordenou o bloqueio de contas do Twitter relacionadas ao blogueiro Allan dos Santos no dia 08\/10. Sua conta pessoal e seu canal do Ter\u00e7a Livre, de apoio ao Presidente Bolsonaro (sem partido), receberam a suspens\u00e3o. <a href=\"https:\/\/www1.folha.uol.com.br\/colunas\/painel\/2021\/10\/allan-dos-santos-influenciador-bolsonarista-dribla-bloqueio-de-moraes-e-continua-nas-redes-sociais.shtml?utm_source=twitter&amp;utm_medium=social&amp;utm_campaign=twfolha\">Na tentativa de burlar a decis\u00e3o<\/a>, Allan \u201cterceirizou\u201d a exibi\u00e7\u00e3o de seus conte\u00fados para o canal do Youtube de mesmo alinhamento, Artigo 220. Por\u00e9m, na \u00faltima semana, tamb\u00e9m por ordem judicial, o mesmo canal foi bloqueado para visualiza\u00e7\u00e3o no Brasil. As contas do Instagram de Allan e do perfil Ter\u00e7a Livre foram bloqueadas pelo mesmo motivo. Alexandre de Moraes determinou sua pris\u00e3o preventiva e a extradi\u00e7\u00e3o dos EUA, j\u00e1 que \u00e9 investigado em dois inqu\u00e9ritos no STF, por dissemina\u00e7\u00e3o de Fake News, amea\u00e7as \u00e0s autoridades e participa\u00e7\u00e3o em mil\u00edcia digital que ataca institui\u00e7\u00f5es.<\/p>\n\n\n\n<p>De maneira similar, o Tribunal Superior Eleitoral (TSE), julgou, no dia 19\/10, o caso do deputado estadual <a href=\"https:\/\/www.cnnbrasil.com.br\/politica\/tse-retoma-nesta-quinta-feira-28-julgamento-sobre-disseminacao-de-fake-news\/\">Fernando Francischini (PSL)<\/a> que, em dia de pleito e de vota\u00e7\u00e3o aberta, fez uma live dizendo que duas urnas eletr\u00f4nicas estavam fraudadas, impedindo o voto em Jair Bolsonaro. O julgamento deve firmar jurisprud\u00eancia sobre os impactos da dissemina\u00e7\u00e3o de Fake News durante o processo eleitoral e o julgamento pode resultar na cassa\u00e7\u00e3o de seu mandato.<\/p>\n\n\n\n<hr class=\"wp-block-separator\"\/>\n\n\n\n<div class=\"wp-block-image\"><figure class=\"alignright size-large\"><img width=\"810\" height=\"100\" src=\"http:\/\/www.institutoliberdadedigital.com.br\/site\/wp-content\/uploads\/2021\/09\/4.png\" alt=\"\" class=\"wp-image-1597\" srcset=\"http:\/\/www.institutoliberdadedigital.com.br\/site\/wp-content\/uploads\/2021\/09\/4.png 810w, http:\/\/www.institutoliberdadedigital.com.br\/site\/wp-content\/uploads\/2021\/09\/4-600x74.png 600w, http:\/\/www.institutoliberdadedigital.com.br\/site\/wp-content\/uploads\/2021\/09\/4-768x95.png 768w\" sizes=\"(max-width: 810px) 100vw, 810px\" \/><\/figure><\/div>\n\n\n\n<p><\/p>\n\n\n\n<p><\/p>\n\n\n\n<p style=\"color:#fdfdfd\" class=\"has-text-color\">jnjj<\/p>\n\n\n\n<h1 class=\"has-text-color has-text-align-right\" style=\"color:#fdfdfd\">teste<\/h1>\n\n\n\n<p style=\"color:#ffffff\" class=\"has-text-color\">jnjj<\/p>\n\n\n\n<h4 class=\"has-very-dark-gray-color has-text-color has-text-align-left\"><strong><strong><strong><strong><strong><strong>A regulamenta\u00e7\u00e3o das criptomoedas<\/strong><\/strong><\/strong><\/strong><\/strong><\/strong><\/h4>\n\n\n\n<p>O presidente-executivo do JPMorgan Chase, Jamie Dimon, tem criticado severamente as moedas digitais, tanto \u00e9 que, na segunda-feira (11.10), disse em uma confer\u00eancia que as criptomoedas ser\u00e3o regulamentadas pelos governos e que na sua opini\u00e3o pessoal acredita que o <a href=\"https:\/\/www1.folha.uol.com.br\/folha-topicos\/bitcoin\/\">bitcoin<\/a> &#8220;n\u00e3o vale a pena&#8221;. <a href=\"https:\/\/markets.businessinsider.com\/news\/currencies\/avalanche-avax-emin-guen-sirer-founder-bitcoin-stablecoin-tether-usdc-2021-10\">Em entrevista recente<\/a>, Emin G\u00fcn Sirer, criador da Avalanhece (AVAX) e CEO do Ava Labs afirmou que o sinal definitivo para que ativos digitais se tornem verdadeiramente populares somente ocorrer\u00e1 quando uma stablecoin ultrapassar o Bitcoin para assumir a lideran\u00e7a do ranking de criptomoedas por capitaliza\u00e7\u00e3o de mercado.\u00a0 <a href=\"https:\/\/cointelegraph.com.br\/news\/crypto-market-will-only-be-a-success-when-stablecoin-surpasses-bitcoin-says-founder-of-avalanche\">Segundo Emim<\/a>, por estarem lastreadas por ativos da economia real, como o d\u00f3lar, as stablecoins minimizam a volatilidade do mercado, um fator que ainda afasta muita gente das criptomoedas.<\/p>\n\n\n\n<p>No mercado Brasileiro, ainda carente de regulamenta\u00e7\u00e3o, as transa\u00e7\u00f5es de criptomoedas t\u00eam sido monitoradas pelo <a href=\"https:\/\/www1.folha.uol.com.br\/colunas\/painel\/2021\/10\/coaf-monitora-transacoes-com-criptomoedas-enquanto-aguarda-regulamentacao-do-setor.shtml\">Coaf<\/a> e os relat\u00f3rios produzidos pelo \u00f3rg\u00e3o foram utilizados para embasar ao menos duas grandes opera\u00e7\u00f5es contra crimes praticados por empresas do setor. Nesse sentido, o Deputado \u00c1ureo Ribeiro (SD-RJ), relator do projeto sobre regulamenta\u00e7\u00e3o do uso de criptomoedas, afirmou \u00e0<a href=\"https:\/\/www1.folha.uol.com.br\/colunas\/painel\/2021\/10\/relator-de-projeto-vai-pedir-urgencia-em-votacao-sobre-regulamentacao-do-uso-de-criptomoedas.shtml\"> Folha de SP<\/a> que ir\u00e1 pedir urg\u00eancia na vota\u00e7\u00e3o pelo plen\u00e1rio da C\u00e2mara do texto aprovado na comiss\u00e3o especial no dia 29 de setembro. Segundo o Deputado, depois dessa fase caber\u00e1 ao Banco Central definir as regras de uso. Em manifesta\u00e7\u00e3o, o presidente do Banco Central, Roberto Campos Neto, afirmou que a regulamenta\u00e7\u00e3o se dar\u00e1 primeiro no uso das moedas virtuais para fins de investimento e, posteriormente, como meio de pagamento.<\/p>\n\n\n\n<h4 class=\"has-very-dark-gray-color has-text-color has-text-align-right\"><strong><strong><strong><strong><strong><strong>Ex-funcion\u00e1rio do Pent\u00e1gono critica posi\u00e7\u00e3o dos Estados Unidos com rela\u00e7\u00e3o \u00e0 IA<\/strong><\/strong><\/strong><\/strong><\/strong><\/strong><\/h4>\n\n\n\n<hr class=\"wp-block-separator\"\/>\n\n\n\n<p>Ex-chefe de software do Pent\u00e1gono, <a href=\"https:\/\/www.ft.com\/content\/f939db9a-40af-4bd1-b67d-10492535f8e0\">Nicolas Chaillan<\/a>, foi o primeiro de seu cargo a renunciar sua posi\u00e7\u00e3o como forma de protesto ao ritmo lento de evolu\u00e7\u00e3o tecnol\u00f3gica dos militares, assim colocando em risco o pa\u00eds. Em posicionamento, afirmou que os EUA est\u00e1 perdendo para a China na \u00e1rea de pesquisa em intelig\u00eancia artificial (IA) e que o pa\u00eds asi\u00e1tico ruma para a lideran\u00e7a mundial gra\u00e7as aos seus avan\u00e7os tecnol\u00f3gicos.<\/p>\n\n\n\n<p>Diferentes fontes de intelig\u00eancia ocidentais tamb\u00e9m falam sobre o dom\u00ednio chin\u00eas em \u00e1reas como biologia sint\u00e9tica e gen\u00e9tica nos \u00faltimos 10 anos. Chaillan <a href=\"https:\/\/olhardigital.com.br\/2021\/10\/11\/ciencia-e-espaco\/ex-chefe-de-tecnologia-do-pentagono-diz-que-china-e-superior-aos-eua\/\">diz que dentro de 15 a 20 anos a China estar\u00e1 fora do alcance competitivo dos EUA<\/a> e que, dentre os motivos, est\u00e1 o fato de empresas chinesas trabalharem de maneira obrigat\u00f3ria com o governo, que investe de maneira \u201cmaci\u00e7a\u201d em IA. Culpando, ainda, pela falta de evolu\u00e7\u00e3o, as grandes empresas como o Google e suas relut\u00e2ncias em trabalhar com o estado nos temas de IA.<\/p>\n\n\n\n<hr class=\"wp-block-separator\"\/>\n\n\n\n<figure class=\"wp-block-image size-large is-resized\"><img src=\"http:\/\/www.institutoliberdadedigital.com.br\/site\/wp-content\/uploads\/2021\/09\/6.png\" alt=\"\" class=\"wp-image-1598\" width=\"580\" height=\"71\" srcset=\"http:\/\/www.institutoliberdadedigital.com.br\/site\/wp-content\/uploads\/2021\/09\/6.png 810w, http:\/\/www.institutoliberdadedigital.com.br\/site\/wp-content\/uploads\/2021\/09\/6-600x74.png 600w, http:\/\/www.institutoliberdadedigital.com.br\/site\/wp-content\/uploads\/2021\/09\/6-768x95.png 768w\" sizes=\"(max-width: 580px) 100vw, 580px\" \/><\/figure>\n\n\n\n<h4 class=\"has-very-dark-gray-color has-text-color\"><strong><strong><strong><strong><strong><strong><strong><strong>TSE inicia julgamento dos processos de cassa\u00e7\u00e3o da chapa de Bolsonaro-Mour\u00e3o\u00a0<\/strong><\/strong><\/strong><\/strong><\/strong><\/strong><\/strong><\/strong><\/h4>\n\n\n\n<p>Ap\u00f3s o jornal Folha de S. Paulo publicar uma mat\u00e9ria, em 2018, apontando a exist\u00eancia de um<a href=\"https:\/\/g1.globo.com\/politica\/noticia\/2021\/09\/28\/congresso-promulga-pec-da-reforma-eleitoral.ghtml\"> <a href=\"https:\/\/www1.folha.uol.com.br\/poder\/2018\/10\/empresarios-bancam-campanha-contra-o-pt-pelo-whatsapp.shtml\">esquema de disparos em massa de mensagens no WhatsApp<\/a> <\/a>articulado por empres\u00e1rios apoiadores de Bolsonaro, a coliga\u00e7\u00e3o<a href=\"https:\/\/g1.globo.com\/politica\/noticia\/2021\/09\/28\/congresso-promulga-pec-da-reforma-eleitoral.ghtml\"> <a href=\"https:\/\/www.cnnbrasil.com.br\/politica\/tse-julga-acoes-que-pedem-a-cassacao-da-chapa-bolsonaro-mourao-nesta-terca\/\">\u201cO Povo Feliz de Novo\u201d, que teve Fernando Haddad (PT) como candidato \u00e0 presid\u00eancia, prop\u00f4s duas a\u00e7\u00f5es requerendo a cassa\u00e7\u00e3o da chapa Bolsonaro-Mour\u00e3o<\/a><\/a> por abuso de poder econ\u00f4mico e uso indevido dos meios de comunica\u00e7\u00e3o.\u00a0<\/p>\n\n\n\n<p>Em 14 de outubro,<a href=\"https:\/\/g1.globo.com\/politica\/noticia\/2021\/10\/04\/urna-eletronica-tse-abertura-codigo-fonte.ghtml\"> <a href=\"https:\/\/congressoemfoco.uol.com.br\/area\/governo\/mpe-nao-ve-motivos-para-cassar-chapa-bolsonaro-mourao\/\">o Vice-Procurador-Geral Eleitoral Paulo Gustavo Gonet Branco se manifestou pela improced\u00eancia de ambas as a\u00e7\u00f5es<\/a>,<\/a> afirmando que nos autos do processo n\u00e3o havia comprova\u00e7\u00e3o da gravidade dos il\u00edcitos a ponto de interferir no resultado das elei\u00e7\u00f5es de 2018. Nesta ter\u00e7a-feira (26), o TSE come\u00e7ou a julgar as a\u00e7\u00f5es<a href=\"https:\/\/g1.globo.com\/politica\/noticia\/2021\/10\/04\/urna-eletronica-tse-abertura-codigo-fonte.ghtml\">. <a href=\"https:\/\/www1.folha.uol.com.br\/poder\/2021\/10\/tse-ve-conexoes-de-disparos-em-massa-mas-cassacao-de-chapa-de-bolsonaro-e-considerada-dificil.shtml\">Contudo, segundo integrantes da Corte, a cassa\u00e7\u00e3o da chapa \u00e9 pouco prov\u00e1vel<\/a><\/a>, pois apesar de ser poss\u00edvel demonstrar o abuso de poder econ\u00f4mico e uso indevido dos meios de comunica\u00e7\u00e3o, os membros do TSE consideram dif\u00edcil comprovar a influ\u00eancia dos disparos em massa no resultado das elei\u00e7\u00f5es.\u00a0<\/p>\n\n\n\n<hr class=\"wp-block-separator\"\/>\n\n\n\n<h4 class=\"has-very-dark-gray-color has-text-color has-text-align-right\"><strong><strong>TSE decide se fake news sobre as urnas eletr\u00f4nicas durante a campanha pode gerar cassa\u00e7\u00e3o de mandato<\/strong><\/strong><\/h4>\n\n\n\n<p>No dia 19 de outubro, <a href=\"https:\/\/abradep.org\/midias\/destaques\/com-tres-votos-para-cassar-mandato-tse-suspende-julgamento-de-deputado-que-espalhou-fake-news-sobre-urna\/\">o TSE iniciou o julgamento do pedido de\u00a0 cassa\u00e7\u00e3o do mandato do Deputado Estadual Fernando Francischini (PSL-PR)<\/a> por veicular fake news sobre as urnas eletr\u00f4nicas durante o pleito de 2018. At\u00e9 o momento, os ministros\u00a0 Luis Felipe Salom\u00e3o, Mauro Campbell e S\u00e9rgio Banhos votaram unanimemente pela cassa\u00e7\u00e3o do mandato e inelegibilidade de Francischini por oito anos. Contudo, o julgamento foi suspenso e poder\u00e1 ser retomado na quinta-feira (29).<\/p>\n\n\n\n<p>Ainda, destaca-se que referido caso abre precedente para a atua\u00e7\u00e3o da justi\u00e7a eleitoral em futuros casos semelhantes. Al\u00e9m disso, <a href=\"https:\/\/valor.globo.com\/politica\/noticia\/2021\/10\/25\/tse-deve-retomar-na-quinta-feira-julgamento-de-cassao-de-aliado-de-bolsonaro-por-fake-news.ghtml\">o julgamento tamb\u00e9m decidir\u00e1 se as redes sociais ser\u00e3o inclu\u00eddas como \u201cmeio de comunica\u00e7\u00e3o\u201d<\/a> nos processos de investiga\u00e7\u00e3o eleitoral por uso indevido dos meios de comunica\u00e7\u00e3o social. Em contraponto \u00e0s falsas den\u00fancias sobre as urnas eletr\u00f4nicas, <a href=\"https:\/\/www.tse.jus.br\/imprensa\/noticias-tse\/2021\/Outubro\/urna-eletronica-relatorio-do-tcu-diz-que-equipamento-e-seguro-e-auditavel\">recente relat\u00f3rio do TCU concluiu que a urna eletr\u00f4nica \u00e9 segura e audit\u00e1vel.<\/a> Ademais, no dia 4 de outubro, <a href=\"https:\/\/www.poder360.com.br\/podereleitoral\/tse-realiza-cerimonia-de-abertura-do-codigo-fonte-das-urnas-eletronicas\/\">o TSE fez a abertura antecipada dos c\u00f3digos-fonte da urna eletr\u00f4nica<\/a>, que ser\u00e3o analisados por especialistas a fim de se assegurar maior transpar\u00eancia do processo eleitoral.<\/p>\n\n\n\n<hr class=\"wp-block-separator\"\/>\n\n\n\n<div class=\"wp-block-image\"><figure class=\"aligncenter size-large\"><img width=\"810\" height=\"100\" src=\"http:\/\/www.institutoliberdadedigital.com.br\/site\/wp-content\/uploads\/2021\/09\/8.png\" alt=\"O atributo alt desta imagem est\u00e1 vazio. O nome do arquivo \u00e9 8.png\" class=\"wp-image-1599\" srcset=\"http:\/\/www.institutoliberdadedigital.com.br\/site\/wp-content\/uploads\/2021\/09\/8.png 810w, http:\/\/www.institutoliberdadedigital.com.br\/site\/wp-content\/uploads\/2021\/09\/8-600x74.png 600w, http:\/\/www.institutoliberdadedigital.com.br\/site\/wp-content\/uploads\/2021\/09\/8-768x95.png 768w\" sizes=\"(max-width: 810px) 100vw, 810px\" \/><\/figure><\/div>\n\n\n\n<h4 class=\"has-very-dark-gray-color has-text-color has-text-align-center\"><strong><strong><strong><strong><strong><strong>Voc\u00ea sabia que o ILD tem um podcast?<\/strong><\/strong><\/strong><\/strong><\/strong><\/strong><\/h4>\n\n\n\n<p>E o epis\u00f3dio <a href=\"https:\/\/open.spotify.com\/episode\/3oWebarzR2Nrbom15TPDPD?si=8f5ec296d2144029\">#16 <\/a>do <strong>#podcastdoILD.<\/strong> j\u00e1 est\u00e1 no ar! Comandado pelos professores Diogo Rais e Marco Sabino, o assunto da vez \u00e9: <strong>O que esperar das elei\u00e7\u00f5es de 2022? <\/strong>Todos os epis\u00f3dios est\u00e3o dispon\u00edveis em 7 plataformas diferentes: Anchor, Breaker, Google Podcasts, Pocket Casts, Radio Public e Spotify e, agora, tamb\u00e9m no Youtube!<\/p>\n\n\n\n<h4 class=\"has-very-dark-gray-color has-text-color has-text-align-center\"><strong>J\u00e1 deu uma olhada no nosso eBook sobre as elei\u00e7\u00f5es de 2020?<\/strong><\/h4>\n\n\n\n<p>O #ebookdoILD \u2018<strong>Eleitoralize 2020: um raio-x das elei\u00e7\u00f5es\u2019<\/strong> j\u00e1 est\u00e1 dispon\u00edvel, apresentando perspectivas super interessantes sobre o que rolou ano passado e entrevistas com convidados especiais.<\/p>\n\n\n\n<hr class=\"wp-block-separator\"\/>\n\n\n\n<p><strong>Esta newsletter faz parte do projeto Observat\u00f3rio Eleitoral Digital do Instituto Liberdade Digital e contou com a participa\u00e7\u00e3o da equipe do Instituto: Alinne Lopes, Ana J\u00falia Bernardi, Camila Tsuzuki, Giovanna Guilhem, Maria Marinho e Roberta Battisti.<\/strong><\/p>\n\n\n\n<p><strong>O que achou da nossa Newsletter? Caso tenha coment\u00e1rios, observa\u00e7\u00f5es ou outra vers\u00e3o do que veiculamos aqui, nos envie um e-mail: contato@institutoliberdadedigital.com.br. Todos os feedbacks s\u00e3o bem-vindos!<\/strong><\/p>\n","protected":false},"excerpt":{"rendered":"<p>Vem conferir as novidades do Direito Eleitoral Digital das \u00faltimas semanas!<\/p>\n","protected":false},"author":5,"featured_media":1681,"comment_status":"open","ping_status":"open","sticky":false,"template":"","format":"standard","meta":[],"categories":[1],"tags":[],"acf":[],"yoast_head":"<!-- This site is optimized with the Yoast SEO plugin v19.6 - https:\/\/yoast.com\/wordpress\/plugins\/seo\/ -->\n<title>Newsletter - Edi\u00e7\u00e3o 26.10.2021 - Instituto Liberdade Digital<\/title>\n<meta name=\"robots\" content=\"index, follow, max-snippet:-1, max-image-preview:large, max-video-preview:-1\" \/>\n<link rel=\"canonical\" href=\"https:\/\/www.institutoliberdadedigital.com.br\/site\/2021\/10\/newsletter-edicao-26-10-2021\/\" \/>\n<meta property=\"og:locale\" content=\"pt_BR\" \/>\n<meta property=\"og:type\" content=\"article\" \/>\n<meta property=\"og:title\" content=\"Newsletter - Edi\u00e7\u00e3o 26.10.2021 - Instituto Liberdade Digital\" \/>\n<meta property=\"og:description\" content=\"Vem conferir as novidades do Direito Eleitoral Digital das \u00faltimas semanas!\" \/>\n<meta property=\"og:url\" content=\"https:\/\/www.institutoliberdadedigital.com.br\/site\/2021\/10\/newsletter-edicao-26-10-2021\/\" \/>\n<meta property=\"og:site_name\" content=\"Instituto Liberdade Digital\" \/>\n<meta property=\"article:publisher\" content=\"https:\/\/www.facebook.com\/Institutoliberdadedigital\/\" \/>\n<meta property=\"article:published_time\" content=\"2021-10-26T18:51:10+00:00\" \/>\n<meta property=\"article:modified_time\" content=\"2021-10-26T18:52:12+00:00\" \/>\n<meta property=\"og:image\" content=\"https:\/\/www.institutoliberdadedigital.com.br\/site\/wp-content\/uploads\/2021\/10\/BANNER-SITE-DESK-3.png\" \/>\n\t<meta property=\"og:image:width\" content=\"1443\" \/>\n\t<meta property=\"og:image:height\" content=\"550\" \/>\n\t<meta property=\"og:image:type\" content=\"image\/png\" \/>\n<meta name=\"author\" content=\"Instituto Liberdade Digital\" \/>\n<meta name=\"twitter:card\" content=\"summary\" \/>\n<meta name=\"twitter:creator\" content=\"@InstitutoLD\" \/>\n<meta name=\"twitter:site\" content=\"@InstitutoLD\" \/>\n<meta name=\"twitter:label1\" content=\"Escrito por\" \/>\n\t<meta name=\"twitter:data1\" content=\"Instituto Liberdade Digital\" \/>\n\t<meta name=\"twitter:label2\" content=\"Est. tempo de leitura\" \/>\n\t<meta name=\"twitter:data2\" content=\"8 minutos\" \/>\n<script type=\"application\/ld+json\" class=\"yoast-schema-graph\">{\"@context\":\"https:\/\/schema.org\",\"@graph\":[{\"@type\":\"Article\",\"@id\":\"https:\/\/www.institutoliberdadedigital.com.br\/site\/2021\/10\/newsletter-edicao-26-10-2021\/#article\",\"isPartOf\":{\"@id\":\"https:\/\/www.institutoliberdadedigital.com.br\/site\/2021\/10\/newsletter-edicao-26-10-2021\/\"},\"author\":{\"name\":\"Instituto Liberdade Digital\",\"@id\":\"http:\/\/www.institutoliberdadedigital.com.br\/site\/#\/schema\/person\/3402282a756f23a7f91e46715a2897ca\"},\"headline\":\"Newsletter &#8211; Edi\u00e7\u00e3o 26.10.2021\",\"datePublished\":\"2021-10-26T18:51:10+00:00\",\"dateModified\":\"2021-10-26T18:52:12+00:00\",\"mainEntityOfPage\":{\"@id\":\"https:\/\/www.institutoliberdadedigital.com.br\/site\/2021\/10\/newsletter-edicao-26-10-2021\/\"},\"wordCount\":1522,\"commentCount\":0,\"publisher\":{\"@id\":\"http:\/\/www.institutoliberdadedigital.com.br\/site\/#organization\"},\"articleSection\":[\"PROJETOS\"],\"inLanguage\":\"pt-BR\",\"potentialAction\":[{\"@type\":\"CommentAction\",\"name\":\"Comment\",\"target\":[\"https:\/\/www.institutoliberdadedigital.com.br\/site\/2021\/10\/newsletter-edicao-26-10-2021\/#respond\"]}]},{\"@type\":\"WebPage\",\"@id\":\"https:\/\/www.institutoliberdadedigital.com.br\/site\/2021\/10\/newsletter-edicao-26-10-2021\/\",\"url\":\"https:\/\/www.institutoliberdadedigital.com.br\/site\/2021\/10\/newsletter-edicao-26-10-2021\/\",\"name\":\"Newsletter - Edi\u00e7\u00e3o 26.10.2021 - Instituto Liberdade Digital\",\"isPartOf\":{\"@id\":\"http:\/\/www.institutoliberdadedigital.com.br\/site\/#website\"},\"datePublished\":\"2021-10-26T18:51:10+00:00\",\"dateModified\":\"2021-10-26T18:52:12+00:00\",\"breadcrumb\":{\"@id\":\"https:\/\/www.institutoliberdadedigital.com.br\/site\/2021\/10\/newsletter-edicao-26-10-2021\/#breadcrumb\"},\"inLanguage\":\"pt-BR\",\"potentialAction\":[{\"@type\":\"ReadAction\",\"target\":[\"https:\/\/www.institutoliberdadedigital.com.br\/site\/2021\/10\/newsletter-edicao-26-10-2021\/\"]}]},{\"@type\":\"BreadcrumbList\",\"@id\":\"https:\/\/www.institutoliberdadedigital.com.br\/site\/2021\/10\/newsletter-edicao-26-10-2021\/#breadcrumb\",\"itemListElement\":[{\"@type\":\"ListItem\",\"position\":1,\"name\":\"In\u00edcio\",\"item\":\"http:\/\/www.institutoliberdadedigital.com.br\/site\/\"},{\"@type\":\"ListItem\",\"position\":2,\"name\":\"Newsletter &#8211; Edi\u00e7\u00e3o 26.10.2021\"}]},{\"@type\":\"WebSite\",\"@id\":\"http:\/\/www.institutoliberdadedigital.com.br\/site\/#website\",\"url\":\"http:\/\/www.institutoliberdadedigital.com.br\/site\/\",\"name\":\"Instituto Liberdade Digital\",\"description\":\"\",\"publisher\":{\"@id\":\"http:\/\/www.institutoliberdadedigital.com.br\/site\/#organization\"},\"potentialAction\":[{\"@type\":\"SearchAction\",\"target\":{\"@type\":\"EntryPoint\",\"urlTemplate\":\"http:\/\/www.institutoliberdadedigital.com.br\/site\/?s={search_term_string}\"},\"query-input\":\"required name=search_term_string\"}],\"inLanguage\":\"pt-BR\"},{\"@type\":\"Organization\",\"@id\":\"http:\/\/www.institutoliberdadedigital.com.br\/site\/#organization\",\"name\":\"Instituto Liberdade Digital\",\"url\":\"http:\/\/www.institutoliberdadedigital.com.br\/site\/\",\"sameAs\":[\"https:\/\/instagram.com\/institutoliberdadedigital?igshid=1xyjdem24x4db\",\"https:\/\/www.linkedin.com\/company\/institutoliberdadedigital\",\"https:\/\/www.youtube.com\/channel\/UCWxG8jDEsVd9ikHEzlHnhxw\",\"https:\/\/www.facebook.com\/Institutoliberdadedigital\/\",\"https:\/\/twitter.com\/InstitutoLD\"],\"logo\":{\"@type\":\"ImageObject\",\"inLanguage\":\"pt-BR\",\"@id\":\"http:\/\/www.institutoliberdadedigital.com.br\/site\/#\/schema\/logo\/image\/\",\"url\":\"http:\/\/www.institutoliberdadedigital.com.br\/site\/wp-content\/uploads\/2021\/10\/logotipo-big.png\",\"contentUrl\":\"http:\/\/www.institutoliberdadedigital.com.br\/site\/wp-content\/uploads\/2021\/10\/logotipo-big.png\",\"width\":1080,\"height\":1080,\"caption\":\"Instituto Liberdade Digital\"},\"image\":{\"@id\":\"http:\/\/www.institutoliberdadedigital.com.br\/site\/#\/schema\/logo\/image\/\"}},{\"@type\":\"Person\",\"@id\":\"http:\/\/www.institutoliberdadedigital.com.br\/site\/#\/schema\/person\/3402282a756f23a7f91e46715a2897ca\",\"name\":\"Instituto Liberdade Digital\",\"image\":{\"@type\":\"ImageObject\",\"inLanguage\":\"pt-BR\",\"@id\":\"http:\/\/www.institutoliberdadedigital.com.br\/site\/#\/schema\/person\/image\/\",\"url\":\"http:\/\/0.gravatar.com\/avatar\/0eff6e6f9446d909073aa9cbda4e605d?s=96&d=mm&r=g\",\"contentUrl\":\"http:\/\/0.gravatar.com\/avatar\/0eff6e6f9446d909073aa9cbda4e605d?s=96&d=mm&r=g\",\"caption\":\"Instituto Liberdade Digital\"},\"url\":\"http:\/\/www.institutoliberdadedigital.com.br\/site\/author\/gerenciador\/\"}]}<\/script>\n<!-- \/ Yoast SEO plugin. -->","yoast_head_json":{"title":"Newsletter - Edi\u00e7\u00e3o 26.10.2021 - Instituto Liberdade Digital","robots":{"index":"index","follow":"follow","max-snippet":"max-snippet:-1","max-image-preview":"max-image-preview:large","max-video-preview":"max-video-preview:-1"},"canonical":"https:\/\/www.institutoliberdadedigital.com.br\/site\/2021\/10\/newsletter-edicao-26-10-2021\/","og_locale":"pt_BR","og_type":"article","og_title":"Newsletter - Edi\u00e7\u00e3o 26.10.2021 - Instituto Liberdade Digital","og_description":"Vem conferir as novidades do Direito Eleitoral Digital das \u00faltimas semanas!","og_url":"https:\/\/www.institutoliberdadedigital.com.br\/site\/2021\/10\/newsletter-edicao-26-10-2021\/","og_site_name":"Instituto Liberdade Digital","article_publisher":"https:\/\/www.facebook.com\/Institutoliberdadedigital\/","article_published_time":"2021-10-26T18:51:10+00:00","article_modified_time":"2021-10-26T18:52:12+00:00","og_image":[{"width":1443,"height":550,"url":"https:\/\/www.institutoliberdadedigital.com.br\/site\/wp-content\/uploads\/2021\/10\/BANNER-SITE-DESK-3.png","type":"image\/png"}],"author":"Instituto Liberdade Digital","twitter_card":"summary","twitter_creator":"@InstitutoLD","twitter_site":"@InstitutoLD","twitter_misc":{"Escrito por":"Instituto Liberdade Digital","Est. tempo de leitura":"8 minutos"},"schema":{"@context":"https:\/\/schema.org","@graph":[{"@type":"Article","@id":"https:\/\/www.institutoliberdadedigital.com.br\/site\/2021\/10\/newsletter-edicao-26-10-2021\/#article","isPartOf":{"@id":"https:\/\/www.institutoliberdadedigital.com.br\/site\/2021\/10\/newsletter-edicao-26-10-2021\/"},"author":{"name":"Instituto Liberdade Digital","@id":"http:\/\/www.institutoliberdadedigital.com.br\/site\/#\/schema\/person\/3402282a756f23a7f91e46715a2897ca"},"headline":"Newsletter &#8211; Edi\u00e7\u00e3o 26.10.2021","datePublished":"2021-10-26T18:51:10+00:00","dateModified":"2021-10-26T18:52:12+00:00","mainEntityOfPage":{"@id":"https:\/\/www.institutoliberdadedigital.com.br\/site\/2021\/10\/newsletter-edicao-26-10-2021\/"},"wordCount":1522,"commentCount":0,"publisher":{"@id":"http:\/\/www.institutoliberdadedigital.com.br\/site\/#organization"},"articleSection":["PROJETOS"],"inLanguage":"pt-BR","potentialAction":[{"@type":"CommentAction","name":"Comment","target":["https:\/\/www.institutoliberdadedigital.com.br\/site\/2021\/10\/newsletter-edicao-26-10-2021\/#respond"]}]},{"@type":"WebPage","@id":"https:\/\/www.institutoliberdadedigital.com.br\/site\/2021\/10\/newsletter-edicao-26-10-2021\/","url":"https:\/\/www.institutoliberdadedigital.com.br\/site\/2021\/10\/newsletter-edicao-26-10-2021\/","name":"Newsletter - Edi\u00e7\u00e3o 26.10.2021 - Instituto Liberdade Digital","isPartOf":{"@id":"http:\/\/www.institutoliberdadedigital.com.br\/site\/#website"},"datePublished":"2021-10-26T18:51:10+00:00","dateModified":"2021-10-26T18:52:12+00:00","breadcrumb":{"@id":"https:\/\/www.institutoliberdadedigital.com.br\/site\/2021\/10\/newsletter-edicao-26-10-2021\/#breadcrumb"},"inLanguage":"pt-BR","potentialAction":[{"@type":"ReadAction","target":["https:\/\/www.institutoliberdadedigital.com.br\/site\/2021\/10\/newsletter-edicao-26-10-2021\/"]}]},{"@type":"BreadcrumbList","@id":"https:\/\/www.institutoliberdadedigital.com.br\/site\/2021\/10\/newsletter-edicao-26-10-2021\/#breadcrumb","itemListElement":[{"@type":"ListItem","position":1,"name":"In\u00edcio","item":"http:\/\/www.institutoliberdadedigital.com.br\/site\/"},{"@type":"ListItem","position":2,"name":"Newsletter &#8211; Edi\u00e7\u00e3o 26.10.2021"}]},{"@type":"WebSite","@id":"http:\/\/www.institutoliberdadedigital.com.br\/site\/#website","url":"http:\/\/www.institutoliberdadedigital.com.br\/site\/","name":"Instituto Liberdade Digital","description":"","publisher":{"@id":"http:\/\/www.institutoliberdadedigital.com.br\/site\/#organization"},"potentialAction":[{"@type":"SearchAction","target":{"@type":"EntryPoint","urlTemplate":"http:\/\/www.institutoliberdadedigital.com.br\/site\/?s={search_term_string}"},"query-input":"required name=search_term_string"}],"inLanguage":"pt-BR"},{"@type":"Organization","@id":"http:\/\/www.institutoliberdadedigital.com.br\/site\/#organization","name":"Instituto Liberdade Digital","url":"http:\/\/www.institutoliberdadedigital.com.br\/site\/","sameAs":["https:\/\/instagram.com\/institutoliberdadedigital?igshid=1xyjdem24x4db","https:\/\/www.linkedin.com\/company\/institutoliberdadedigital","https:\/\/www.youtube.com\/channel\/UCWxG8jDEsVd9ikHEzlHnhxw","https:\/\/www.facebook.com\/Institutoliberdadedigital\/","https:\/\/twitter.com\/InstitutoLD"],"logo":{"@type":"ImageObject","inLanguage":"pt-BR","@id":"http:\/\/www.institutoliberdadedigital.com.br\/site\/#\/schema\/logo\/image\/","url":"http:\/\/www.institutoliberdadedigital.com.br\/site\/wp-content\/uploads\/2021\/10\/logotipo-big.png","contentUrl":"http:\/\/www.institutoliberdadedigital.com.br\/site\/wp-content\/uploads\/2021\/10\/logotipo-big.png","width":1080,"height":1080,"caption":"Instituto Liberdade Digital"},"image":{"@id":"http:\/\/www.institutoliberdadedigital.com.br\/site\/#\/schema\/logo\/image\/"}},{"@type":"Person","@id":"http:\/\/www.institutoliberdadedigital.com.br\/site\/#\/schema\/person\/3402282a756f23a7f91e46715a2897ca","name":"Instituto Liberdade Digital","image":{"@type":"ImageObject","inLanguage":"pt-BR","@id":"http:\/\/www.institutoliberdadedigital.com.br\/site\/#\/schema\/person\/image\/","url":"http:\/\/0.gravatar.com\/avatar\/0eff6e6f9446d909073aa9cbda4e605d?s=96&d=mm&r=g","contentUrl":"http:\/\/0.gravatar.com\/avatar\/0eff6e6f9446d909073aa9cbda4e605d?s=96&d=mm&r=g","caption":"Instituto Liberdade Digital"},"url":"http:\/\/www.institutoliberdadedigital.com.br\/site\/author\/gerenciador\/"}]}},"amp_enabled":true,"_links":{"self":[{"href":"http:\/\/www.institutoliberdadedigital.com.br\/site\/wp-json\/wp\/v2\/posts\/1680"}],"collection":[{"href":"http:\/\/www.institutoliberdadedigital.com.br\/site\/wp-json\/wp\/v2\/posts"}],"about":[{"href":"http:\/\/www.institutoliberdadedigital.com.br\/site\/wp-json\/wp\/v2\/types\/post"}],"author":[{"embeddable":true,"href":"http:\/\/www.institutoliberdadedigital.com.br\/site\/wp-json\/wp\/v2\/users\/5"}],"replies":[{"embeddable":true,"href":"http:\/\/www.institutoliberdadedigital.com.br\/site\/wp-json\/wp\/v2\/comments?post=1680"}],"version-history":[{"count":4,"href":"http:\/\/www.institutoliberdadedigital.com.br\/site\/wp-json\/wp\/v2\/posts\/1680\/revisions"}],"predecessor-version":[{"id":1686,"href":"http:\/\/www.institutoliberdadedigital.com.br\/site\/wp-json\/wp\/v2\/posts\/1680\/revisions\/1686"}],"wp:featuredmedia":[{"embeddable":true,"href":"http:\/\/www.institutoliberdadedigital.com.br\/site\/wp-json\/wp\/v2\/media\/1681"}],"wp:attachment":[{"href":"http:\/\/www.institutoliberdadedigital.com.br\/site\/wp-json\/wp\/v2\/media?parent=1680"}],"wp:term":[{"taxonomy":"category","embeddable":true,"href":"http:\/\/www.institutoliberdadedigital.com.br\/site\/wp-json\/wp\/v2\/categories?post=1680"},{"taxonomy":"post_tag","embeddable":true,"href":"http:\/\/www.institutoliberdadedigital.com.br\/site\/wp-json\/wp\/v2\/tags?post=1680"}],"curies":[{"name":"wp","href":"https:\/\/api.w.org\/{rel}","templated":true}]}}