{"id":434,"date":"2020-10-13T20:29:00","date_gmt":"2020-10-13T23:29:00","guid":{"rendered":"http:\/\/www.institutoliberdadedigital.com.br\/site\/?p=434"},"modified":"2020-10-14T09:54:24","modified_gmt":"2020-10-14T12:54:24","slug":"cursodedireitoeleitoraldigital","status":"publish","type":"post","link":"http:\/\/www.institutoliberdadedigital.com.br\/site\/2020\/10\/cursodedireitoeleitoraldigital\/","title":{"rendered":"Curso de Direito Eleitoral Digital para Jornalistas"},"content":{"rendered":"\n<p>Com as Elei\u00e7\u00f5es de 2018, o Congresso Nacional teve um dos maiores \u00edndices de renova\u00e7\u00e3o desde a redemocratiza\u00e7\u00e3o e vimos surgir muitos influenciadores digitais no cen\u00e1rio pol\u00edtico; tudo isso, em meio \u00e0 onda de desinforma\u00e7\u00e3o que se espalhou por \u00e1udio, v\u00eddeos, fotos manipuladas e disparo em massa de mensagens. Em 2020, com a pandemia, as campanhas eleitorais tornaram-se inevitavelmente digitais e com isso outros desafios devem surgir para o Direito Eleitoral.<\/p>\n\n\n\n<p>Com este olhar, estruturamos o Curso de Direito Eleitoral Digital intensivo e exclusivo para jornalistas, que visa capacitar e trazer reflex\u00f5es sobre desafios contempor\u00e2neos no mundo eleitoral digital.<\/p>\n\n\n\n<p>O objetivo do treinamento \u00e9 capacitar e proporcionar esclarecimentos acerca do direito eleitoral digital entre outras d\u00favidas que costumam ocorrer durante as elei\u00e7\u00f5es. &nbsp;As inscri\u00e7\u00f5es podem ser feitas a partir desta ter\u00e7a-feira (13) at\u00e9 dia 31 de outubro, atrav\u00e9s do formul\u00e1rio: <a href=\"https:\/\/forms.gle\/y6T4HB6Brd2c97z56\" target=\"_blank\" rel=\"noreferrer noopener\">https:\/\/forms.gle\/y6T4HB6Brd2c97z56<\/a><\/p>\n\n\n\n<p>O curso ser\u00e1 ministrado por professores e pesquisadores do Instituto Liberdade Digital e \u00e9 dividido em tr\u00eas horas de aula e 9 entrevistas exclusivas com diversos profissionais que trazem diversas perspectivas sobre os desafios das elei\u00e7\u00f5es de 2020.<\/p>\n\n\n\n<p>Confira a programa\u00e7\u00e3o:<\/p>\n\n\n\n<ul><li><strong>Cria\u00e7\u00e3o e Fun\u00e7\u00e3o da Justi\u00e7a Eleitoral<\/strong><\/li><li><strong>Normas eleitorais<\/strong><\/li><li><strong>Propaganda pol\u00edtica<\/strong><\/li><li><strong>Propaganda eleitoral digital<\/strong><\/li><li><strong>Dilema entre propaganda eleitoral x manifesta\u00e7\u00e3o espont\u00e2nea<\/strong><\/li><li><strong>Elei\u00e7\u00f5es e M\u00eddias sociais<\/strong><\/li><li><strong>Desinforma\u00e7\u00e3o aplicada \u00e0s deeps fakes<\/strong><\/li><li><strong>Influenciadores digitais e as elei\u00e7\u00f5es<\/strong><\/li><li><strong>A prote\u00e7\u00e3o dos dados pessoais nas elei\u00e7\u00f5es de 2020<\/strong><\/li><\/ul>\n\n\n\n<p>*N\u00e3o ser\u00e3o disponibilizados certificados de participa\u00e7\u00e3o.<\/p>\n","protected":false},"excerpt":{"rendered":"<p>As inscri\u00e7\u00f5es podem ser feitas a partir desta quarta-feira (14) at\u00e9 dia 31 de outubro.<\/p>\n","protected":false},"author":5,"featured_media":773,"comment_status":"open","ping_status":"open","sticky":false,"template":"","format":"standard","meta":[],"categories":[20],"tags":[],"acf":[],"yoast_head":"<!-- This site is optimized with the Yoast SEO plugin v19.6 - https:\/\/yoast.com\/wordpress\/plugins\/seo\/ -->\n<title>Curso de Direito Eleitoral Digital para Jornalistas - Instituto Liberdade Digital<\/title>\n<meta name=\"robots\" content=\"index, follow, max-snippet:-1, max-image-preview:large, max-video-preview:-1\" \/>\n<link rel=\"canonical\" href=\"http:\/\/www.institutoliberdadedigital.com.br\/site\/2020\/10\/cursodedireitoeleitoraldigital\/\" \/>\n<meta property=\"og:locale\" content=\"pt_BR\" \/>\n<meta property=\"og:type\" content=\"article\" \/>\n<meta property=\"og:title\" content=\"Curso de Direito Eleitoral Digital para Jornalistas - Instituto Liberdade Digital\" \/>\n<meta property=\"og:description\" content=\"As inscri\u00e7\u00f5es podem ser feitas a partir desta quarta-feira (14) at\u00e9 dia 31 de outubro.\" \/>\n<meta property=\"og:url\" content=\"http:\/\/www.institutoliberdadedigital.com.br\/site\/2020\/10\/cursodedireitoeleitoraldigital\/\" \/>\n<meta property=\"og:site_name\" content=\"Instituto Liberdade Digital\" \/>\n<meta property=\"article:publisher\" content=\"https:\/\/www.facebook.com\/Institutoliberdadedigital\/\" \/>\n<meta property=\"article:published_time\" content=\"2020-10-13T23:29:00+00:00\" \/>\n<meta property=\"article:modified_time\" content=\"2020-10-14T12:54:24+00:00\" \/>\n<meta property=\"og:image\" content=\"http:\/\/www.institutoliberdadedigital.com.br\/site\/wp-content\/uploads\/2020\/05\/DIRETO-ELEITORAL-DIGITAL-1-scaled-e1602470671285.jpg\" \/>\n\t<meta property=\"og:image:width\" content=\"1772\" \/>\n\t<meta property=\"og:image:height\" content=\"1024\" \/>\n\t<meta property=\"og:image:type\" content=\"image\/jpeg\" \/>\n<meta name=\"author\" content=\"Instituto Liberdade Digital\" \/>\n<meta name=\"twitter:card\" content=\"summary\" \/>\n<meta name=\"twitter:creator\" content=\"@InstitutoLD\" \/>\n<meta name=\"twitter:site\" content=\"@InstitutoLD\" \/>\n<meta name=\"twitter:label1\" content=\"Escrito por\" \/>\n\t<meta name=\"twitter:data1\" content=\"Instituto Liberdade Digital\" \/>\n\t<meta name=\"twitter:label2\" content=\"Est. tempo de leitura\" \/>\n\t<meta name=\"twitter:data2\" content=\"1 minuto\" \/>\n<script type=\"application\/ld+json\" class=\"yoast-schema-graph\">{\"@context\":\"https:\/\/schema.org\",\"@graph\":[{\"@type\":\"Article\",\"@id\":\"http:\/\/www.institutoliberdadedigital.com.br\/site\/2020\/10\/cursodedireitoeleitoraldigital\/#article\",\"isPartOf\":{\"@id\":\"http:\/\/www.institutoliberdadedigital.com.br\/site\/2020\/10\/cursodedireitoeleitoraldigital\/\"},\"author\":{\"name\":\"Instituto Liberdade Digital\",\"@id\":\"http:\/\/www.institutoliberdadedigital.com.br\/site\/#\/schema\/person\/3402282a756f23a7f91e46715a2897ca\"},\"headline\":\"Curso de Direito Eleitoral Digital para Jornalistas\",\"datePublished\":\"2020-10-13T23:29:00+00:00\",\"dateModified\":\"2020-10-14T12:54:24+00:00\",\"mainEntityOfPage\":{\"@id\":\"http:\/\/www.institutoliberdadedigital.com.br\/site\/2020\/10\/cursodedireitoeleitoraldigital\/\"},\"wordCount\":262,\"commentCount\":0,\"publisher\":{\"@id\":\"http:\/\/www.institutoliberdadedigital.com.br\/site\/#organization\"},\"articleSection\":[\"PUBLICA\u00c7\u00d5ES\"],\"inLanguage\":\"pt-BR\",\"potentialAction\":[{\"@type\":\"CommentAction\",\"name\":\"Comment\",\"target\":[\"http:\/\/www.institutoliberdadedigital.com.br\/site\/2020\/10\/cursodedireitoeleitoraldigital\/#respond\"]}]},{\"@type\":\"WebPage\",\"@id\":\"http:\/\/www.institutoliberdadedigital.com.br\/site\/2020\/10\/cursodedireitoeleitoraldigital\/\",\"url\":\"http:\/\/www.institutoliberdadedigital.com.br\/site\/2020\/10\/cursodedireitoeleitoraldigital\/\",\"name\":\"Curso de Direito Eleitoral Digital para Jornalistas - Instituto Liberdade Digital\",\"isPartOf\":{\"@id\":\"http:\/\/www.institutoliberdadedigital.com.br\/site\/#website\"},\"datePublished\":\"2020-10-13T23:29:00+00:00\",\"dateModified\":\"2020-10-14T12:54:24+00:00\",\"breadcrumb\":{\"@id\":\"http:\/\/www.institutoliberdadedigital.com.br\/site\/2020\/10\/cursodedireitoeleitoraldigital\/#breadcrumb\"},\"inLanguage\":\"pt-BR\",\"potentialAction\":[{\"@type\":\"ReadAction\",\"target\":[\"http:\/\/www.institutoliberdadedigital.com.br\/site\/2020\/10\/cursodedireitoeleitoraldigital\/\"]}]},{\"@type\":\"BreadcrumbList\",\"@id\":\"http:\/\/www.institutoliberdadedigital.com.br\/site\/2020\/10\/cursodedireitoeleitoraldigital\/#breadcrumb\",\"itemListElement\":[{\"@type\":\"ListItem\",\"position\":1,\"name\":\"In\u00edcio\",\"item\":\"http:\/\/www.institutoliberdadedigital.com.br\/site\/\"},{\"@type\":\"ListItem\",\"position\":2,\"name\":\"Curso de Direito Eleitoral Digital para Jornalistas\"}]},{\"@type\":\"WebSite\",\"@id\":\"http:\/\/www.institutoliberdadedigital.com.br\/site\/#website\",\"url\":\"http:\/\/www.institutoliberdadedigital.com.br\/site\/\",\"name\":\"Instituto Liberdade Digital\",\"description\":\"\",\"publisher\":{\"@id\":\"http:\/\/www.institutoliberdadedigital.com.br\/site\/#organization\"},\"potentialAction\":[{\"@type\":\"SearchAction\",\"target\":{\"@type\":\"EntryPoint\",\"urlTemplate\":\"http:\/\/www.institutoliberdadedigital.com.br\/site\/?s={search_term_string}\"},\"query-input\":\"required name=search_term_string\"}],\"inLanguage\":\"pt-BR\"},{\"@type\":\"Organization\",\"@id\":\"http:\/\/www.institutoliberdadedigital.com.br\/site\/#organization\",\"name\":\"Instituto Liberdade Digital\",\"url\":\"http:\/\/www.institutoliberdadedigital.com.br\/site\/\",\"sameAs\":[\"https:\/\/instagram.com\/institutoliberdadedigital?igshid=1xyjdem24x4db\",\"https:\/\/www.linkedin.com\/company\/institutoliberdadedigital\",\"https:\/\/www.youtube.com\/channel\/UCWxG8jDEsVd9ikHEzlHnhxw\",\"https:\/\/www.facebook.com\/Institutoliberdadedigital\/\",\"https:\/\/twitter.com\/InstitutoLD\"],\"logo\":{\"@type\":\"ImageObject\",\"inLanguage\":\"pt-BR\",\"@id\":\"http:\/\/www.institutoliberdadedigital.com.br\/site\/#\/schema\/logo\/image\/\",\"url\":\"http:\/\/www.institutoliberdadedigital.com.br\/site\/wp-content\/uploads\/2021\/10\/logotipo-big.png\",\"contentUrl\":\"http:\/\/www.institutoliberdadedigital.com.br\/site\/wp-content\/uploads\/2021\/10\/logotipo-big.png\",\"width\":1080,\"height\":1080,\"caption\":\"Instituto Liberdade Digital\"},\"image\":{\"@id\":\"http:\/\/www.institutoliberdadedigital.com.br\/site\/#\/schema\/logo\/image\/\"}},{\"@type\":\"Person\",\"@id\":\"http:\/\/www.institutoliberdadedigital.com.br\/site\/#\/schema\/person\/3402282a756f23a7f91e46715a2897ca\",\"name\":\"Instituto Liberdade Digital\",\"image\":{\"@type\":\"ImageObject\",\"inLanguage\":\"pt-BR\",\"@id\":\"http:\/\/www.institutoliberdadedigital.com.br\/site\/#\/schema\/person\/image\/\",\"url\":\"http:\/\/0.gravatar.com\/avatar\/0eff6e6f9446d909073aa9cbda4e605d?s=96&d=mm&r=g\",\"contentUrl\":\"http:\/\/0.gravatar.com\/avatar\/0eff6e6f9446d909073aa9cbda4e605d?s=96&d=mm&r=g\",\"caption\":\"Instituto Liberdade Digital\"},\"url\":\"http:\/\/www.institutoliberdadedigital.com.br\/site\/author\/gerenciador\/\"}]}<\/script>\n<!-- \/ Yoast SEO plugin. -->","yoast_head_json":{"title":"Curso de Direito Eleitoral Digital para Jornalistas - Instituto Liberdade Digital","robots":{"index":"index","follow":"follow","max-snippet":"max-snippet:-1","max-image-preview":"max-image-preview:large","max-video-preview":"max-video-preview:-1"},"canonical":"http:\/\/www.institutoliberdadedigital.com.br\/site\/2020\/10\/cursodedireitoeleitoraldigital\/","og_locale":"pt_BR","og_type":"article","og_title":"Curso de Direito Eleitoral Digital para Jornalistas - Instituto Liberdade Digital","og_description":"As inscri\u00e7\u00f5es podem ser feitas a partir desta quarta-feira (14) at\u00e9 dia 31 de outubro.","og_url":"http:\/\/www.institutoliberdadedigital.com.br\/site\/2020\/10\/cursodedireitoeleitoraldigital\/","og_site_name":"Instituto Liberdade Digital","article_publisher":"https:\/\/www.facebook.com\/Institutoliberdadedigital\/","article_published_time":"2020-10-13T23:29:00+00:00","article_modified_time":"2020-10-14T12:54:24+00:00","og_image":[{"width":1772,"height":1024,"url":"http:\/\/www.institutoliberdadedigital.com.br\/site\/wp-content\/uploads\/2020\/05\/DIRETO-ELEITORAL-DIGITAL-1-scaled-e1602470671285.jpg","type":"image\/jpeg"}],"author":"Instituto Liberdade Digital","twitter_card":"summary","twitter_creator":"@InstitutoLD","twitter_site":"@InstitutoLD","twitter_misc":{"Escrito por":"Instituto Liberdade Digital","Est. tempo de leitura":"1 minuto"},"schema":{"@context":"https:\/\/schema.org","@graph":[{"@type":"Article","@id":"http:\/\/www.institutoliberdadedigital.com.br\/site\/2020\/10\/cursodedireitoeleitoraldigital\/#article","isPartOf":{"@id":"http:\/\/www.institutoliberdadedigital.com.br\/site\/2020\/10\/cursodedireitoeleitoraldigital\/"},"author":{"name":"Instituto Liberdade Digital","@id":"http:\/\/www.institutoliberdadedigital.com.br\/site\/#\/schema\/person\/3402282a756f23a7f91e46715a2897ca"},"headline":"Curso de Direito Eleitoral Digital para Jornalistas","datePublished":"2020-10-13T23:29:00+00:00","dateModified":"2020-10-14T12:54:24+00:00","mainEntityOfPage":{"@id":"http:\/\/www.institutoliberdadedigital.com.br\/site\/2020\/10\/cursodedireitoeleitoraldigital\/"},"wordCount":262,"commentCount":0,"publisher":{"@id":"http:\/\/www.institutoliberdadedigital.com.br\/site\/#organization"},"articleSection":["PUBLICA\u00c7\u00d5ES"],"inLanguage":"pt-BR","potentialAction":[{"@type":"CommentAction","name":"Comment","target":["http:\/\/www.institutoliberdadedigital.com.br\/site\/2020\/10\/cursodedireitoeleitoraldigital\/#respond"]}]},{"@type":"WebPage","@id":"http:\/\/www.institutoliberdadedigital.com.br\/site\/2020\/10\/cursodedireitoeleitoraldigital\/","url":"http:\/\/www.institutoliberdadedigital.com.br\/site\/2020\/10\/cursodedireitoeleitoraldigital\/","name":"Curso de Direito Eleitoral Digital para Jornalistas - Instituto Liberdade Digital","isPartOf":{"@id":"http:\/\/www.institutoliberdadedigital.com.br\/site\/#website"},"datePublished":"2020-10-13T23:29:00+00:00","dateModified":"2020-10-14T12:54:24+00:00","breadcrumb":{"@id":"http:\/\/www.institutoliberdadedigital.com.br\/site\/2020\/10\/cursodedireitoeleitoraldigital\/#breadcrumb"},"inLanguage":"pt-BR","potentialAction":[{"@type":"ReadAction","target":["http:\/\/www.institutoliberdadedigital.com.br\/site\/2020\/10\/cursodedireitoeleitoraldigital\/"]}]},{"@type":"BreadcrumbList","@id":"http:\/\/www.institutoliberdadedigital.com.br\/site\/2020\/10\/cursodedireitoeleitoraldigital\/#breadcrumb","itemListElement":[{"@type":"ListItem","position":1,"name":"In\u00edcio","item":"http:\/\/www.institutoliberdadedigital.com.br\/site\/"},{"@type":"ListItem","position":2,"name":"Curso de Direito Eleitoral Digital para Jornalistas"}]},{"@type":"WebSite","@id":"http:\/\/www.institutoliberdadedigital.com.br\/site\/#website","url":"http:\/\/www.institutoliberdadedigital.com.br\/site\/","name":"Instituto Liberdade Digital","description":"","publisher":{"@id":"http:\/\/www.institutoliberdadedigital.com.br\/site\/#organization"},"potentialAction":[{"@type":"SearchAction","target":{"@type":"EntryPoint","urlTemplate":"http:\/\/www.institutoliberdadedigital.com.br\/site\/?s={search_term_string}"},"query-input":"required name=search_term_string"}],"inLanguage":"pt-BR"},{"@type":"Organization","@id":"http:\/\/www.institutoliberdadedigital.com.br\/site\/#organization","name":"Instituto Liberdade Digital","url":"http:\/\/www.institutoliberdadedigital.com.br\/site\/","sameAs":["https:\/\/instagram.com\/institutoliberdadedigital?igshid=1xyjdem24x4db","https:\/\/www.linkedin.com\/company\/institutoliberdadedigital","https:\/\/www.youtube.com\/channel\/UCWxG8jDEsVd9ikHEzlHnhxw","https:\/\/www.facebook.com\/Institutoliberdadedigital\/","https:\/\/twitter.com\/InstitutoLD"],"logo":{"@type":"ImageObject","inLanguage":"pt-BR","@id":"http:\/\/www.institutoliberdadedigital.com.br\/site\/#\/schema\/logo\/image\/","url":"http:\/\/www.institutoliberdadedigital.com.br\/site\/wp-content\/uploads\/2021\/10\/logotipo-big.png","contentUrl":"http:\/\/www.institutoliberdadedigital.com.br\/site\/wp-content\/uploads\/2021\/10\/logotipo-big.png","width":1080,"height":1080,"caption":"Instituto Liberdade Digital"},"image":{"@id":"http:\/\/www.institutoliberdadedigital.com.br\/site\/#\/schema\/logo\/image\/"}},{"@type":"Person","@id":"http:\/\/www.institutoliberdadedigital.com.br\/site\/#\/schema\/person\/3402282a756f23a7f91e46715a2897ca","name":"Instituto Liberdade Digital","image":{"@type":"ImageObject","inLanguage":"pt-BR","@id":"http:\/\/www.institutoliberdadedigital.com.br\/site\/#\/schema\/person\/image\/","url":"http:\/\/0.gravatar.com\/avatar\/0eff6e6f9446d909073aa9cbda4e605d?s=96&d=mm&r=g","contentUrl":"http:\/\/0.gravatar.com\/avatar\/0eff6e6f9446d909073aa9cbda4e605d?s=96&d=mm&r=g","caption":"Instituto Liberdade Digital"},"url":"http:\/\/www.institutoliberdadedigital.com.br\/site\/author\/gerenciador\/"}]}},"amp_enabled":true,"_links":{"self":[{"href":"http:\/\/www.institutoliberdadedigital.com.br\/site\/wp-json\/wp\/v2\/posts\/434"}],"collection":[{"href":"http:\/\/www.institutoliberdadedigital.com.br\/site\/wp-json\/wp\/v2\/posts"}],"about":[{"href":"http:\/\/www.institutoliberdadedigital.com.br\/site\/wp-json\/wp\/v2\/types\/post"}],"author":[{"embeddable":true,"href":"http:\/\/www.institutoliberdadedigital.com.br\/site\/wp-json\/wp\/v2\/users\/5"}],"replies":[{"embeddable":true,"href":"http:\/\/www.institutoliberdadedigital.com.br\/site\/wp-json\/wp\/v2\/comments?post=434"}],"version-history":[{"count":8,"href":"http:\/\/www.institutoliberdadedigital.com.br\/site\/wp-json\/wp\/v2\/posts\/434\/revisions"}],"predecessor-version":[{"id":785,"href":"http:\/\/www.institutoliberdadedigital.com.br\/site\/wp-json\/wp\/v2\/posts\/434\/revisions\/785"}],"wp:featuredmedia":[{"embeddable":true,"href":"http:\/\/www.institutoliberdadedigital.com.br\/site\/wp-json\/wp\/v2\/media\/773"}],"wp:attachment":[{"href":"http:\/\/www.institutoliberdadedigital.com.br\/site\/wp-json\/wp\/v2\/media?parent=434"}],"wp:term":[{"taxonomy":"category","embeddable":true,"href":"http:\/\/www.institutoliberdadedigital.com.br\/site\/wp-json\/wp\/v2\/categories?post=434"},{"taxonomy":"post_tag","embeddable":true,"href":"http:\/\/www.institutoliberdadedigital.com.br\/site\/wp-json\/wp\/v2\/tags?post=434"}],"curies":[{"name":"wp","href":"https:\/\/api.w.org\/{rel}","templated":true}]}}